{"id":4950,"date":"2021-02-07T21:39:47","date_gmt":"2021-02-08T01:39:47","guid":{"rendered":"http:\/\/amapachana.com\/?p=4950"},"modified":"2021-10-07T20:00:10","modified_gmt":"2021-10-08T00:00:10","slug":"leche-de-almendras-pecans-y-coco","status":"publish","type":"post","link":"https:\/\/amapachana.com\/en\/leche-de-almendras-pecans-y-coco\/","title":{"rendered":"Leche de Almendras, Pecans y Coco"},"content":{"rendered":"<p><strong>Si hay una leche que est\u00e1 \u201cin\u201d, es la leche de almendra.<\/strong> Nosotrxs la elaboramos con menos frecuencia que otras, por varias razones que abundaremos m\u00e1s en pr\u00f3ximos art\u00edculos, pero sabemos que es la predilecta para muchas personas, \u00a1y no es por menos!, ciertamente esta llenita de nutrientes que favorecen el bienestar.<\/p>\n\n\n\n<p><strong>\u00bf<strong>Pero, \u00bfalguna vez te has detenido a leer su valor nutricional?<\/strong><\/strong><\/p>\n\n\n\n<p>Sin duda alguna, ver\u00e1s que en nada se compara a comer la almendra en su estado integral. La relaci\u00f3n nutritiva es de 1:6 entre consumir la leche comercial de almendra vs. la almendra integral.&nbsp;<\/p>\n\n\n\n<p><em><strong>\u00bfSab\u00edas que la leche comercial de almendra s\u00f3lo contiene un 2% de almendras?<\/strong><\/em> Estas se diluyen con agua para producir mayor cantidad. Adem\u00e1s, su alto procesamiento reduce nutrientes esenciales como las grasas, fibra, vitaminas y minerales.<\/p>\n\n\n\n<div style=\"height:50px\" aria-hidden=\"true\" class=\"wp-block-spacer\"><\/div>\n\n\n\n<div class=\"wp-block-columns is-layout-flex wp-container-core-columns-is-layout-9d6595d7 wp-block-columns-is-layout-flex\">\n<div class=\"wp-block-column is-layout-flow wp-block-column-is-layout-flow\" style=\"flex-basis:50%\">\n<figure class=\"wp-block-gallery aligncenter columns-1 is-cropped wp-block-gallery-1 is-layout-flex wp-block-gallery-is-layout-flex\"><ul class=\"blocks-gallery-grid\"><li class=\"blocks-gallery-item\"><figure><img data-recalc-dims=\"1\" fetchpriority=\"high\" decoding=\"async\" width=\"455\" height=\"1024\" src=\"https:\/\/i0.wp.com\/amapachana.com\/wp-content\/uploads\/2021\/02\/IMG_4096-455x1024.jpg?resize=455%2C1024\" alt=\"\" data-id=\"4955\" data-full-url=\"http:\/\/amapachana.com\/wp-content\/uploads\/2021\/02\/IMG_4096.jpg\" data-link=\"http:\/\/amapachana.com\/?attachment_id=4955\" class=\"wp-image-4955\" srcset=\"https:\/\/i0.wp.com\/amapachana.com\/wp-content\/uploads\/2021\/02\/IMG_4096.jpg?resize=455%2C1024&amp;ssl=1 455w, https:\/\/i0.wp.com\/amapachana.com\/wp-content\/uploads\/2021\/02\/IMG_4096.jpg?resize=133%2C300&amp;ssl=1 133w, https:\/\/i0.wp.com\/amapachana.com\/wp-content\/uploads\/2021\/02\/IMG_4096.jpg?resize=768%2C1730&amp;ssl=1 768w, https:\/\/i0.wp.com\/amapachana.com\/wp-content\/uploads\/2021\/02\/IMG_4096.jpg?resize=682%2C1536&amp;ssl=1 682w, https:\/\/i0.wp.com\/amapachana.com\/wp-content\/uploads\/2021\/02\/IMG_4096.jpg?w=909&amp;ssl=1 909w\" sizes=\"(max-width: 455px) 100vw, 455px\" \/><figcaption class=\"blocks-gallery-item__caption\">Leche de almendra org\u00e1nica sin az\u00facar con ingredientes a\u00f1adidos.<\/figcaption><\/figure><\/li><\/ul><\/figure>\n<\/div>\n\n\n\n<div class=\"wp-block-column is-layout-flow wp-block-column-is-layout-flow\" style=\"flex-basis:50%\">\n<figure class=\"wp-block-image size-large\"><img data-recalc-dims=\"1\" decoding=\"async\" width=\"496\" height=\"1024\" src=\"https:\/\/i0.wp.com\/amapachana.com\/wp-content\/uploads\/2021\/02\/IMG_4097-496x1024.jpg?resize=496%2C1024\" alt=\"\" class=\"wp-image-4956\" srcset=\"https:\/\/i0.wp.com\/amapachana.com\/wp-content\/uploads\/2021\/02\/IMG_4097.jpg?resize=496%2C1024&amp;ssl=1 496w, https:\/\/i0.wp.com\/amapachana.com\/wp-content\/uploads\/2021\/02\/IMG_4097.jpg?resize=145%2C300&amp;ssl=1 145w, https:\/\/i0.wp.com\/amapachana.com\/wp-content\/uploads\/2021\/02\/IMG_4097.jpg?resize=768%2C1587&amp;ssl=1 768w, https:\/\/i0.wp.com\/amapachana.com\/wp-content\/uploads\/2021\/02\/IMG_4097.jpg?resize=743%2C1536&amp;ssl=1 743w, https:\/\/i0.wp.com\/amapachana.com\/wp-content\/uploads\/2021\/02\/IMG_4097.jpg?w=991&amp;ssl=1 991w\" sizes=\"(max-width: 496px) 100vw, 496px\" \/><figcaption>Leche de almendra org\u00e1nica con vainilla. Observa los ingredientes utilizados para fortificar y a\u00f1adir sabor.<\/figcaption><\/figure>\n<\/div>\n<\/div>\n\n\n\n<figure class=\"wp-block-image size-large\"><img data-recalc-dims=\"1\" decoding=\"async\" width=\"1024\" height=\"812\" src=\"https:\/\/i0.wp.com\/amapachana.com\/wp-content\/uploads\/2021\/02\/2-e1612747286983-1024x812.png?resize=1024%2C812\" alt=\"\" class=\"wp-image-4959\" srcset=\"https:\/\/i0.wp.com\/amapachana.com\/wp-content\/uploads\/2021\/02\/2-e1612747286983.png?resize=1024%2C812&amp;ssl=1 1024w, https:\/\/i0.wp.com\/amapachana.com\/wp-content\/uploads\/2021\/02\/2-e1612747286983.png?resize=300%2C238&amp;ssl=1 300w, https:\/\/i0.wp.com\/amapachana.com\/wp-content\/uploads\/2021\/02\/2-e1612747286983.png?resize=768%2C609&amp;ssl=1 768w, https:\/\/i0.wp.com\/amapachana.com\/wp-content\/uploads\/2021\/02\/2-e1612747286983.png?resize=1536%2C1218&amp;ssl=1 1536w, https:\/\/i0.wp.com\/amapachana.com\/wp-content\/uploads\/2021\/02\/2-e1612747286983.png?w=1545&amp;ssl=1 1545w\" sizes=\"(max-width: 1000px) 100vw, 1000px\" \/><\/figure>\n\n\n\n<p class=\"has-medium-font-size\"><strong>No es s\u00f3lo almendra lo que est\u00e1s ingiriendo<\/strong><\/p>\n\n\n\n<p>Desde 1970 se han introducido<em> m\u00e1s de 77,00 qu\u00edmicos al ambiente<\/em>, lo que representa una gran amenaza a la salud. Con el <a href=\"https:\/\/www.ers.usda.gov\/amber-waves\/2020\/december\/plant-based-products-replacing-cow-s-milk-but-the-impact-is-small\/\">aumento en la demanda de la leche de almendra<\/a> en los \u00faltimos a\u00f1os, han surgido muchas empresas agr\u00edcolas dedicadas a su producci\u00f3n masiva. <\/p>\n\n\n\n<p class=\"has-medium-font-size\"><strong>Una gran cantidad de pesticidas son usados para mantener estos los monocultivos de almendras, los cuales llegan a tu hogar en sus diversos productos. <\/strong><\/p>\n\n\n\n<p>Al ingerir alimentos cargados con toxinas nocivas, estas eventualmente se van depositando en el cuerpo, creando problemas de salud. <strong>Por eso, aseg\u00farate de seleccionar y consumir almendras <em>org\u00e1nicas<\/em>.&nbsp;<\/strong><\/p>\n\n\n\n<p>Por otro lado, en los Estados Unidos, la leche comercial se fortifica con ingredientes qu\u00edmicos para a\u00f1adir valor nutricional y pasa por un proceso de pasteurizaci\u00f3n que elimina las valiosas enzimas y fitonutrientes que le otorgan la vida y sus propiedades alcalinas. <\/p>\n\n\n\n<p class=\"has-medium-font-size\"><strong>Ingredientes como estabilizadores y gomas espesantes compensan la consistencia aguada (al haberse dilu\u00eddo) y alteran su sabor natural.<\/strong> <\/p>\n\n\n\n<p>Es impresionante la cantidad de vitaminas y minerales que son a\u00f1adidos a estos productos, alterando completamente su composici\u00f3n original, en un intento de emular la leche de vaca. Al final, lo menos que est\u00e1s consumiendo es leche de almendras.<\/p>\n\n\n\n<h4 class=\"has-medium-font-size wp-block-heading\"><strong>Por estas razones, queremos inspirarte en hacer tu leche de almendras en casa y disfrutar del sabor y las bondades que favorecen tu salud.&nbsp;<\/strong><\/h4>\n\n\n\n<div style=\"height:33px\" aria-hidden=\"true\" class=\"wp-block-spacer\"><\/div>\n\n\n\n<figure class=\"wp-block-embed is-type-video is-provider-vimeo wp-block-embed-vimeo wp-embed-aspect-16-9 wp-has-aspect-ratio\"><div class=\"wp-block-embed__wrapper\">\n<iframe title=\"Leche de Almendras, Pecans y Coco\" src=\"https:\/\/player.vimeo.com\/video\/509355827?dnt=1&amp;app_id=122963\" width=\"500\" height=\"281\" frameborder=\"0\" allow=\"autoplay; fullscreen; picture-in-picture; clipboard-write\"><\/iframe>\n<\/div><\/figure>\n\n\n\n<div style=\"height:31px\" aria-hidden=\"true\" class=\"wp-block-spacer\"><\/div>\n\n\n\n<figure class=\"wp-block-image size-large\"><img data-recalc-dims=\"1\" loading=\"lazy\" decoding=\"async\" width=\"837\" height=\"1024\" src=\"https:\/\/i0.wp.com\/amapachana.com\/wp-content\/uploads\/2021\/02\/1-e1612747415543-837x1024.png?resize=837%2C1024\" alt=\"\" class=\"wp-image-4958\" srcset=\"https:\/\/i0.wp.com\/amapachana.com\/wp-content\/uploads\/2021\/02\/1-e1612747415543.png?resize=837%2C1024&amp;ssl=1 837w, https:\/\/i0.wp.com\/amapachana.com\/wp-content\/uploads\/2021\/02\/1-e1612747415543.png?resize=245%2C300&amp;ssl=1 245w, https:\/\/i0.wp.com\/amapachana.com\/wp-content\/uploads\/2021\/02\/1-e1612747415543.png?resize=768%2C939&amp;ssl=1 768w, https:\/\/i0.wp.com\/amapachana.com\/wp-content\/uploads\/2021\/02\/1-e1612747415543.png?resize=1256%2C1536&amp;ssl=1 1256w, https:\/\/i0.wp.com\/amapachana.com\/wp-content\/uploads\/2021\/02\/1-e1612747415543.png?w=1545&amp;ssl=1 1545w\" sizes=\"(max-width: 837px) 100vw, 837px\" \/><\/figure>\n\n\n\n<figure class=\"wp-block-image size-large\"><img data-recalc-dims=\"1\" loading=\"lazy\" decoding=\"async\" width=\"1024\" height=\"537\" src=\"https:\/\/i0.wp.com\/amapachana.com\/wp-content\/uploads\/2021\/02\/2-1-e1612747534796-1024x537.png?resize=1024%2C537\" alt=\"\" class=\"wp-image-4961\" srcset=\"https:\/\/i0.wp.com\/amapachana.com\/wp-content\/uploads\/2021\/02\/2-1-e1612747534796.png?resize=1024%2C537&amp;ssl=1 1024w, https:\/\/i0.wp.com\/amapachana.com\/wp-content\/uploads\/2021\/02\/2-1-e1612747534796.png?resize=300%2C157&amp;ssl=1 300w, https:\/\/i0.wp.com\/amapachana.com\/wp-content\/uploads\/2021\/02\/2-1-e1612747534796.png?resize=768%2C403&amp;ssl=1 768w, https:\/\/i0.wp.com\/amapachana.com\/wp-content\/uploads\/2021\/02\/2-1-e1612747534796.png?resize=1536%2C805&amp;ssl=1 1536w, https:\/\/i0.wp.com\/amapachana.com\/wp-content\/uploads\/2021\/02\/2-1-e1612747534796.png?w=1545&amp;ssl=1 1545w\" sizes=\"(max-width: 1000px) 100vw, 1000px\" \/><\/figure>\n\n\n\n<p class=\"has-medium-font-size\"><em>Beneficios de esta receta:<\/em><\/p>\n\n\n\n<p><strong>Almendras: <\/strong>Esta prote\u00edna grasa aporta a la salud de la piel por su alto contenido en vitamina E. Su excelente aportaci\u00f3n de magnesio apoya la salud del ciclo menstrual y la relajaci\u00f3n muscular. La combinaci\u00f3n de cobre y hierro apoyan al cuerpo a crear c\u00e9lulas rojas, fortaleciendo el sistema inmune.&nbsp;<\/p>\n\n\n\n<p><strong>Pecans &#8211; <\/strong>Su aporte de grasa esenciales mantienen la funciones del cerebro saludables. La gran cantidad de flavonoides, que sobrepasa las de otras nueces, te protege de la oxidaci\u00f3n celular y la inflamaci\u00f3n.<\/p>\n\n\n\n<p><strong>D\u00e1tiles &#8211; <\/strong>La propiedad demulcente de esta fruta suaviza el tejido interno y su aportaci\u00f3n de fibra soluble e insoluble permite el tr\u00e1nsito y limpieza de los intestinos, mientras apoya a mantener saludable tu microflora.<\/p>\n\n\n\n<div style=\"height:56px\" aria-hidden=\"true\" class=\"wp-block-spacer\"><\/div>","protected":false},"excerpt":{"rendered":"<p>Si hay una leche que est\u00e1 \u201cin\u201d, es la leche de almendra. Nosotrxs la elaboramos con menos frecuencia que otras, por varias [&hellip;]<\/p>\n","protected":false},"author":1,"featured_media":5188,"comment_status":"open","ping_status":"open","sticky":false,"template":"","format":"standard","meta":{"_monsterinsights_skip_tracking":false,"_monsterinsights_sitenote_active":false,"_monsterinsights_sitenote_note":"","_monsterinsights_sitenote_category":0,"jetpack_post_was_ever_published":false,"_jetpack_newsletter_access":"","_jetpack_dont_email_post_to_subs":false,"_jetpack_newsletter_tier_id":0,"_jetpack_memberships_contains_paywalled_content":false,"_jetpack_memberships_contains_paid_content":false,"footnotes":"","jetpack_publicize_message":"","jetpack_publicize_feature_enabled":true,"jetpack_social_post_already_shared":true,"jetpack_social_options":{"image_generator_settings":{"template":"highway","default_image_id":0,"font":"","enabled":false},"version":2}},"categories":[177,63],"tags":[112,116,115,114,113,65],"class_list":["post-4950","post","type-post","status-publish","format-standard","has-post-thumbnail","hentry","category-leche-vegetal","category-recetas-veganas","tag-desayunos-veganos","tag-leche-de-almendras","tag-leche-vegetal","tag-recetas-a-base-de-plantas","tag-recetas-desayuno-vegano","tag-recetas-saludables"],"jetpack_publicize_connections":[],"jetpack_featured_media_url":"https:\/\/i0.wp.com\/amapachana.com\/wp-content\/uploads\/2021\/02\/Screen-Shot-2021-02-07-at-6.58.22-PM-e1633645054358.png?fit=791%2C526&ssl=1","jetpack_sharing_enabled":true,"jetpack_shortlink":"https:\/\/wp.me\/p5bROU-1hQ","_links":{"self":[{"href":"https:\/\/amapachana.com\/en\/wp-json\/wp\/v2\/posts\/4950","targetHints":{"allow":["GET"]}}],"collection":[{"href":"https:\/\/amapachana.com\/en\/wp-json\/wp\/v2\/posts"}],"about":[{"href":"https:\/\/amapachana.com\/en\/wp-json\/wp\/v2\/types\/post"}],"author":[{"embeddable":true,"href":"https:\/\/amapachana.com\/en\/wp-json\/wp\/v2\/users\/1"}],"replies":[{"embeddable":true,"href":"https:\/\/amapachana.com\/en\/wp-json\/wp\/v2\/comments?post=4950"}],"version-history":[{"count":23,"href":"https:\/\/amapachana.com\/en\/wp-json\/wp\/v2\/posts\/4950\/revisions"}],"predecessor-version":[{"id":5135,"href":"https:\/\/amapachana.com\/en\/wp-json\/wp\/v2\/posts\/4950\/revisions\/5135"}],"wp:featuredmedia":[{"embeddable":true,"href":"https:\/\/amapachana.com\/en\/wp-json\/wp\/v2\/media\/5188"}],"wp:attachment":[{"href":"https:\/\/amapachana.com\/en\/wp-json\/wp\/v2\/media?parent=4950"}],"wp:term":[{"taxonomy":"category","embeddable":true,"href":"https:\/\/amapachana.com\/en\/wp-json\/wp\/v2\/categories?post=4950"},{"taxonomy":"post_tag","embeddable":true,"href":"https:\/\/amapachana.com\/en\/wp-json\/wp\/v2\/tags?post=4950"}],"curies":[{"name":"wp","href":"https:\/\/api.w.org\/{rel}","templated":true}]}}